{"id":998,"date":"2026-02-16T14:46:13","date_gmt":"2026-02-16T14:46:13","guid":{"rendered":"https:\/\/vkerlg.de\/?p=998"},"modified":"2026-02-16T14:51:57","modified_gmt":"2026-02-16T14:51:57","slug":"want-to-be-my-valentine","status":"publish","type":"post","link":"https:\/\/vkerlg.de\/?p=998","title":{"rendered":"WANT TO BE MY VALENTINE?"},"content":{"rendered":"\n<figure class=\"wp-block-image size-large\"><img fetchpriority=\"high\" decoding=\"async\" width=\"1024\" height=\"726\" src=\"https:\/\/vkerlg.de\/wp-content\/uploads\/2026\/02\/2-1024x726.png\" alt=\"\" class=\"wp-image-1002\" srcset=\"https:\/\/vkerlg.de\/wp-content\/uploads\/2026\/02\/2-1024x726.png 1024w, https:\/\/vkerlg.de\/wp-content\/uploads\/2026\/02\/2-300x213.png 300w, https:\/\/vkerlg.de\/wp-content\/uploads\/2026\/02\/2-768x545.png 768w, https:\/\/vkerlg.de\/wp-content\/uploads\/2026\/02\/2.png 1748w\" sizes=\"(max-width: 1024px) 100vw, 1024px\" \/><\/figure>\n\n\n\n<p><strong>Liebe Kolleginnen und Kollegen,<\/strong><\/p>\n\n\n\n<p>der Valentinstag ist nicht nur ein Tag der Aufmerksamkeit und Wertsch\u00e4tzung \u2013 er bietet auch einen guten Anlass, an etwas besonders Wichtiges zu erinnern: <strong>die diesj\u00e4hrige Betriebsratswahl<\/strong>.<\/p>\n\n\n\n<p>In den vergangenen vier Jahren hat das <strong>Team IG Metall im Bereich Siemens Erlangen G<\/strong> eindrucksvoll gezeigt, wof\u00fcr wir stehen und worauf ihr euch verlassen k\u00f6nnt:<\/p>\n\n\n\n<p>\u27a1\ufe0f <strong>Kompetenz:<\/strong> Wir vertreten eure Themen fachlich stark, fundiert und mit klaren Positionen \u2013 ob bei technischen Fragen, organisatorischen Ver\u00e4nderungen oder komplexen Verhandlungen.<br>\u27a1\ufe0f <strong>Zuverl\u00e4ssigkeit:<\/strong> Gerade in herausfordernden Situationen braucht es schnelle, klare und verl\u00e4ssliche Entscheidungen. Daf\u00fcr stehen wir \u2013 mit Erfahrung, Teamgeist und einem offenen Ohr f\u00fcr eure Anliegen.<br>\u27a1\ufe0f <strong>Einsatz:<\/strong> Die Organisation ver\u00e4ndert sich stetig \u2013 durch Projekte, Umstrukturierungen oder neue Gesch\u00e4ftsmodelle. Wir setzen uns konsequent daf\u00fcr ein, dass eure Interessen dabei nicht untergehen, sondern gesch\u00fctzt und gest\u00e4rkt werden.<\/p>\n\n\n\n<figure class=\"wp-block-image size-large\"><img decoding=\"async\" width=\"1024\" height=\"726\" src=\"https:\/\/vkerlg.de\/wp-content\/uploads\/2026\/02\/1-1024x726.png\" alt=\"\" class=\"wp-image-1003\" srcset=\"https:\/\/vkerlg.de\/wp-content\/uploads\/2026\/02\/1-1024x726.png 1024w, https:\/\/vkerlg.de\/wp-content\/uploads\/2026\/02\/1-300x213.png 300w, https:\/\/vkerlg.de\/wp-content\/uploads\/2026\/02\/1-768x545.png 768w, https:\/\/vkerlg.de\/wp-content\/uploads\/2026\/02\/1-1536x1090.png 1536w, https:\/\/vkerlg.de\/wp-content\/uploads\/2026\/02\/1-164x116.png 164w, https:\/\/vkerlg.de\/wp-content\/uploads\/2026\/02\/1.png 1748w\" sizes=\"(max-width: 1024px) 100vw, 1024px\" \/><\/figure>\n\n\n\n<p>Diese Arbeit gelingt uns jedoch nur, <strong>wenn ihr uns unterst\u00fctzt<\/strong>. Eine starke Interessenvertretung entsteht nicht von allein \u2013 sie entsteht durch <strong>eure Stimme<\/strong>, eure Beteiligung und euer Vertrauen.<\/p>\n\n\n\n<p>Mit eurer Unterst\u00fctzung k\u00f6nnen wir auch in den kommenden Jahren sicherstellen, dass <strong>Mitbestimmung, Fairness und Transparenz<\/strong> bei Siemens Erlangen G keine Schlagworte bleiben, sondern gelebte Realit\u00e4t im Arbeitsalltag.<\/p>\n\n\n\n<p><strong>Sei mein Valentin \u2013 w\u00e4hle Team IG Metall.<\/strong><br>F\u00fcr eine starke Vertretung. F\u00fcr gemeinsame Zukunft. F\u00fcr uns alle.<\/p>\n\n\n\n<figure class=\"wp-block-gallery has-nested-images columns-default is-cropped wp-block-gallery-1 is-layout-flex wp-block-gallery-is-layout-flex\"><\/figure>\n\n\n\n<figure class=\"wp-block-gallery has-nested-images columns-default is-cropped wp-block-gallery-2 is-layout-flex wp-block-gallery-is-layout-flex\"><\/figure>\n","protected":false},"excerpt":{"rendered":"<p>Liebe Kolleginnen und Kollegen, der Valentinstag ist nicht nur ein Tag der Aufmerksamkeit und Wertsch\u00e4tzung \u2013 er bietet auch einen &hellip; <a href=\"https:\/\/vkerlg.de\/?p=998\" class=\"more-link\">Continue reading <span class=\"screen-reader-text\">WANT TO BE MY VALENTINE?<\/span><\/a><\/p>\n","protected":false},"author":4,"featured_media":1002,"comment_status":"closed","ping_status":"","sticky":false,"template":"","format":"standard","meta":{"footnotes":""},"categories":[1],"tags":[],"class_list":["post-998","post","type-post","status-publish","format-standard","has-post-thumbnail","hentry","category-uncategorized"],"jetpack_featured_media_url":"https:\/\/vkerlg.de\/wp-content\/uploads\/2026\/02\/2.png","_links":{"self":[{"href":"https:\/\/vkerlg.de\/index.php?rest_route=\/wp\/v2\/posts\/998","targetHints":{"allow":["GET"]}}],"collection":[{"href":"https:\/\/vkerlg.de\/index.php?rest_route=\/wp\/v2\/posts"}],"about":[{"href":"https:\/\/vkerlg.de\/index.php?rest_route=\/wp\/v2\/types\/post"}],"author":[{"embeddable":true,"href":"https:\/\/vkerlg.de\/index.php?rest_route=\/wp\/v2\/users\/4"}],"replies":[{"embeddable":true,"href":"https:\/\/vkerlg.de\/index.php?rest_route=%2Fwp%2Fv2%2Fcomments&post=998"}],"version-history":[{"count":5,"href":"https:\/\/vkerlg.de\/index.php?rest_route=\/wp\/v2\/posts\/998\/revisions"}],"predecessor-version":[{"id":1007,"href":"https:\/\/vkerlg.de\/index.php?rest_route=\/wp\/v2\/posts\/998\/revisions\/1007"}],"wp:featuredmedia":[{"embeddable":true,"href":"https:\/\/vkerlg.de\/index.php?rest_route=\/wp\/v2\/media\/1002"}],"wp:attachment":[{"href":"https:\/\/vkerlg.de\/index.php?rest_route=%2Fwp%2Fv2%2Fmedia&parent=998"}],"wp:term":[{"taxonomy":"category","embeddable":true,"href":"https:\/\/vkerlg.de\/index.php?rest_route=%2Fwp%2Fv2%2Fcategories&post=998"},{"taxonomy":"post_tag","embeddable":true,"href":"https:\/\/vkerlg.de\/index.php?rest_route=%2Fwp%2Fv2%2Ftags&post=998"}],"curies":[{"name":"wp","href":"https:\/\/api.w.org\/{rel}","templated":true}]}}