{"id":990,"date":"2025-12-19T09:50:18","date_gmt":"2025-12-19T09:50:18","guid":{"rendered":"https:\/\/vkerlg.de\/?p=990"},"modified":"2025-12-19T09:50:18","modified_gmt":"2025-12-19T09:50:18","slug":"orange-the-world-gegen-gewalt-an-frauen","status":"publish","type":"post","link":"https:\/\/vkerlg.de\/?p=990","title":{"rendered":"Orange the World \u2013 Gegen Gewalt an Frauen"},"content":{"rendered":"\n<figure class=\"wp-block-image size-full\"><img fetchpriority=\"high\" decoding=\"async\" width=\"600\" height=\"97\" src=\"https:\/\/vkerlg.de\/wp-content\/uploads\/2025\/12\/image.png\" alt=\"\" class=\"wp-image-991\" srcset=\"https:\/\/vkerlg.de\/wp-content\/uploads\/2025\/12\/image.png 600w, https:\/\/vkerlg.de\/wp-content\/uploads\/2025\/12\/image-300x49.png 300w, https:\/\/vkerlg.de\/wp-content\/uploads\/2025\/12\/image-228x37.png 228w\" sizes=\"(max-width: 600px) 100vw, 600px\" \/><\/figure>\n\n\n\n<p><strong>Orange the World \u2013 Gegen Gewalt an Frauen<\/strong><\/p>\n\n\n\n<p><strong>Der Internationale Tag gegen Gewalt an Frauen<\/strong>, auch <strong>Orange Day<\/strong> genannt, ist ein am <strong>25. November<\/strong> j\u00e4hrlich abgehaltener Gedenk- und Aktionstag zur Bek\u00e4mpfung von Diskriminierung und Gewalt jeder Form gegen\u00fcber Frauen und M\u00e4dchen.<br>Die UN-Kampagne <strong>\u201eOrange the World\u201c<\/strong> macht seit 1991 auf Gewalt gegen Frauen und M\u00e4dchen aufmerksam.<\/p>\n\n\n\n<p>Anl\u00e4sslich dieses Tages haben wir als <strong>Team IG Metall Siemens Erlangen G<\/strong> ein sichtbares Zeichen f\u00fcr Respekt, f\u00fcr Gleichberechtigung und f\u00fcr eine IG Metall, die Haltung zeigt, gesetzt.<br>Frauen (wie M\u00e4nner) m\u00fcssen sich am Arbeitsplatz zu jeder Zeit sicher f\u00fchlen k\u00f6nnen.<\/p>\n\n\n\n<hr class=\"wp-block-separator has-alpha-channel-opacity\"\/>\n\n\n\n<p><strong>Warum das wichtig ist \u2013 Zahlen aus Deutschland<\/strong><\/p>\n\n\n\n<ul class=\"wp-block-list\">\n<li>Laut <strong>Bundeskriminalamt<\/strong> wurden <strong>265.942 Menschen<\/strong> Opfer h\u00e4uslicher Gewalt \u2013 ein Anstieg von +3,8\u202f% gegen\u00fcber 2023 \u2013 und ein neuer H\u00f6chststand. Rund <strong>73<\/strong><strong>\u202f% der Opfer sind Frauen<\/strong>.<\/li>\n\n\n\n<li>Der Bereich <strong>Partnerschaftsgewalt<\/strong> umfasst ca. <strong>171.069 Opfer<\/strong> (80\u202f% weiblich); leichtes Plus von +1,9\u202f%.<\/li>\n\n\n\n<li><strong>308 Frauen<\/strong> wurden 2024 in Deutschland ermordet \u2013 191 davon durch (Ex\u2011)Partner oder Familienmitglieder<\/li>\n\n\n\n<li><strong>13.320 F\u00e4lle<\/strong> von Vergewaltigung und sexueller N\u00f6tigung \u2013 ein Anstieg von +9,3\u202f% gegen\u00fcber dem Vorjahr.<\/li>\n\n\n\n<li><strong>Alle 45 Minuten<\/strong> wird in Deutschland eine Frau Opfer von Gewalt durch ihren (Ex) Partner.<\/li>\n<\/ul>\n\n\n\n<hr class=\"wp-block-separator has-alpha-channel-opacity\"\/>\n\n\n\n<p>Gewalt gegen Frauen ist weltweit noch immer eine traurige Realit\u00e4t \u2013 umso wichtiger ist es, gemeinsam hinzusehen, Haltung zu zeigen und f\u00fcr eine respektvolle und sichere Gesellschaft einzustehen.<\/p>\n\n\n\n<p><strong>Unser aller Engagement ist entscheidend<\/strong>, um ein Umfeld zu schaffen, in dem jede Frau frei von Angst und Gewalt leben kann.<\/p>\n\n\n\n<p>Wir helfen mit, ein Zeichen f\u00fcr Respekt, Gleichberechtigung und Menschlichkeit zu setzen.<\/p>\n\n\n\n<p>Dies haben wir mit unserem <strong>IG Metall-Stand<\/strong> in der Siemens Kantine getan und die Menschen dort mit viel Informationsmaterial und guten Gespr\u00e4chen sensibilisiert.<br>Es war sch\u00f6n zu sehen, wie vielen <strong>IG Metall-KollegInnen<\/strong> es wichtig war, vor Ort mit dabei zu sein!<\/p>\n\n\n\n<figure class=\"wp-block-image size-full\"><img decoding=\"async\" width=\"940\" height=\"514\" src=\"https:\/\/vkerlg.de\/wp-content\/uploads\/2025\/12\/image-1.png\" alt=\"\" class=\"wp-image-992\" srcset=\"https:\/\/vkerlg.de\/wp-content\/uploads\/2025\/12\/image-1.png 940w, https:\/\/vkerlg.de\/wp-content\/uploads\/2025\/12\/image-1-300x164.png 300w, https:\/\/vkerlg.de\/wp-content\/uploads\/2025\/12\/image-1-768x420.png 768w, https:\/\/vkerlg.de\/wp-content\/uploads\/2025\/12\/image-1-212x116.png 212w\" sizes=\"(max-width: 940px) 100vw, 940px\" \/><\/figure>\n","protected":false},"excerpt":{"rendered":"<p>Orange the World \u2013 Gegen Gewalt an Frauen Der Internationale Tag gegen Gewalt an Frauen, auch Orange Day genannt, ist &hellip; <a href=\"https:\/\/vkerlg.de\/?p=990\" class=\"more-link\">Continue reading <span class=\"screen-reader-text\">Orange the World \u2013 Gegen Gewalt an Frauen<\/span><\/a><\/p>\n","protected":false},"author":3,"featured_media":994,"comment_status":"closed","ping_status":"","sticky":false,"template":"","format":"standard","meta":{"footnotes":""},"categories":[1],"tags":[],"class_list":["post-990","post","type-post","status-publish","format-standard","has-post-thumbnail","hentry","category-uncategorized"],"jetpack_featured_media_url":"https:\/\/vkerlg.de\/wp-content\/uploads\/2025\/12\/Die-5-002.jpg","_links":{"self":[{"href":"https:\/\/vkerlg.de\/index.php?rest_route=\/wp\/v2\/posts\/990","targetHints":{"allow":["GET"]}}],"collection":[{"href":"https:\/\/vkerlg.de\/index.php?rest_route=\/wp\/v2\/posts"}],"about":[{"href":"https:\/\/vkerlg.de\/index.php?rest_route=\/wp\/v2\/types\/post"}],"author":[{"embeddable":true,"href":"https:\/\/vkerlg.de\/index.php?rest_route=\/wp\/v2\/users\/3"}],"replies":[{"embeddable":true,"href":"https:\/\/vkerlg.de\/index.php?rest_route=%2Fwp%2Fv2%2Fcomments&post=990"}],"version-history":[{"count":1,"href":"https:\/\/vkerlg.de\/index.php?rest_route=\/wp\/v2\/posts\/990\/revisions"}],"predecessor-version":[{"id":993,"href":"https:\/\/vkerlg.de\/index.php?rest_route=\/wp\/v2\/posts\/990\/revisions\/993"}],"wp:featuredmedia":[{"embeddable":true,"href":"https:\/\/vkerlg.de\/index.php?rest_route=\/wp\/v2\/media\/994"}],"wp:attachment":[{"href":"https:\/\/vkerlg.de\/index.php?rest_route=%2Fwp%2Fv2%2Fmedia&parent=990"}],"wp:term":[{"taxonomy":"category","embeddable":true,"href":"https:\/\/vkerlg.de\/index.php?rest_route=%2Fwp%2Fv2%2Fcategories&post=990"},{"taxonomy":"post_tag","embeddable":true,"href":"https:\/\/vkerlg.de\/index.php?rest_route=%2Fwp%2Fv2%2Ftags&post=990"}],"curies":[{"name":"wp","href":"https:\/\/api.w.org\/{rel}","templated":true}]}}