{"id":979,"date":"2025-12-18T12:46:32","date_gmt":"2025-12-18T12:46:32","guid":{"rendered":"https:\/\/vkerlg.de\/?p=979"},"modified":"2025-12-18T12:46:32","modified_gmt":"2025-12-18T12:46:32","slug":"happy-new-one-ig-metall-startet-betriebsratswahlen-2026-mit-symbolischer-aktion","status":"publish","type":"post","link":"https:\/\/vkerlg.de\/?p=979","title":{"rendered":"HAPPY NEW ONE: IG Metall startet Betriebsratswahlen 2026 mit symbolischer Aktion"},"content":{"rendered":"\n<figure class=\"wp-block-gallery has-nested-images columns-default is-cropped wp-block-gallery-1 is-layout-flex wp-block-gallery-is-layout-flex\">\n<figure class=\"wp-block-image size-large\"><img fetchpriority=\"high\" decoding=\"async\" width=\"1024\" height=\"768\" data-id=\"982\" src=\"https:\/\/vkerlg.de\/wp-content\/uploads\/2025\/12\/20250929_120113-1024x768.jpg\" alt=\"\" class=\"wp-image-982\" srcset=\"https:\/\/vkerlg.de\/wp-content\/uploads\/2025\/12\/20250929_120113-1024x768.jpg 1024w, https:\/\/vkerlg.de\/wp-content\/uploads\/2025\/12\/20250929_120113-300x225.jpg 300w, https:\/\/vkerlg.de\/wp-content\/uploads\/2025\/12\/20250929_120113-768x576.jpg 768w, https:\/\/vkerlg.de\/wp-content\/uploads\/2025\/12\/20250929_120113-1536x1152.jpg 1536w, https:\/\/vkerlg.de\/wp-content\/uploads\/2025\/12\/20250929_120113-2048x1536.jpg 2048w, https:\/\/vkerlg.de\/wp-content\/uploads\/2025\/12\/20250929_120113-155x116.jpg 155w\" sizes=\"(max-width: 1024px) 100vw, 1024px\" \/><\/figure>\n\n\n\n<figure class=\"wp-block-image size-large\"><img decoding=\"async\" width=\"461\" height=\"1024\" data-id=\"986\" src=\"https:\/\/vkerlg.de\/wp-content\/uploads\/2025\/12\/20251001_121125-461x1024.jpg\" alt=\"\" class=\"wp-image-986\" srcset=\"https:\/\/vkerlg.de\/wp-content\/uploads\/2025\/12\/20251001_121125-461x1024.jpg 461w, https:\/\/vkerlg.de\/wp-content\/uploads\/2025\/12\/20251001_121125-135x300.jpg 135w, https:\/\/vkerlg.de\/wp-content\/uploads\/2025\/12\/20251001_121125-768x1707.jpg 768w, https:\/\/vkerlg.de\/wp-content\/uploads\/2025\/12\/20251001_121125-691x1536.jpg 691w, https:\/\/vkerlg.de\/wp-content\/uploads\/2025\/12\/20251001_121125-922x2048.jpg 922w, https:\/\/vkerlg.de\/wp-content\/uploads\/2025\/12\/20251001_121125-52x116.jpg 52w, https:\/\/vkerlg.de\/wp-content\/uploads\/2025\/12\/20251001_121125-scaled.jpg 1152w\" sizes=\"(max-width: 461px) 100vw, 461px\" \/><\/figure>\n\n\n\n<figure class=\"wp-block-image size-large\"><img decoding=\"async\" width=\"1024\" height=\"773\" data-id=\"981\" src=\"https:\/\/vkerlg.de\/wp-content\/uploads\/2025\/12\/20251001_131156-1024x773.jpg\" alt=\"\" class=\"wp-image-981\" srcset=\"https:\/\/vkerlg.de\/wp-content\/uploads\/2025\/12\/20251001_131156-1024x773.jpg 1024w, https:\/\/vkerlg.de\/wp-content\/uploads\/2025\/12\/20251001_131156-300x226.jpg 300w, https:\/\/vkerlg.de\/wp-content\/uploads\/2025\/12\/20251001_131156-768x580.jpg 768w, https:\/\/vkerlg.de\/wp-content\/uploads\/2025\/12\/20251001_131156-1536x1159.jpg 1536w, https:\/\/vkerlg.de\/wp-content\/uploads\/2025\/12\/20251001_131156-2048x1546.jpg 2048w, https:\/\/vkerlg.de\/wp-content\/uploads\/2025\/12\/20251001_131156-154x116.jpg 154w\" sizes=\"(max-width: 1024px) 100vw, 1024px\" \/><\/figure>\n<\/figure>\n\n\n\n<p>Mit dem Beginn des neuen Gesch\u00e4ftsjahres am 1. Oktober haben die IG Metall-Betriebsr\u00e4te von Siemens Moorenbrunn und Erlangen G die Vorbereitungen f\u00fcr die Betriebsratswahlen 2026 mit einer symbolischen und humorvollen Aktion gestartet: der HAPPY NEW ONE AKTION.<br><br>Warum HAPPY NEW ONE? F\u00fcr die Siemens-Mitarbeiter ist der 1. Oktober mehr als nur ein Datum \u2013 er markiert den Start ins neue Gesch\u00e4ftsjahr und steht damit f\u00fcr Erneuerung und Aufbruch. In diesem Sinne kamen Schult\u00fcten voller S\u00fc\u00dfigkeiten zum Einsatz, um auf humorvolle Weise den Start ins neue Gesch\u00e4ftsjahr mit dem Schulanfang zu vergleichen. Die Aktion sorgte f\u00fcr gute Laune und regte Gespr\u00e4che an. Viele Besch\u00e4ftigte bezeichneten sie als mega, geil und cool \u2013 und sch\u00e4tzten sowohl den humorvollen Ansatz als auch die Ernsthaftigkeit der dahinterstehenden Botschaft.<br><br>Die Entscheidung, am 1. Oktober eine gemeinsame Aktion zu starten, war bewusst gew\u00e4hlt. Da im kommenden Jahr die Mehrheit der Siemens-Mitarbeiter aus Moorenbrunn auf den Campus Erlangen umziehen wird, steht ein struktureller Wandel bevor: Die Betriebsr\u00e4te und Vertrauensk\u00f6rper beider Standorte werden zusammengef\u00fchrt. Dieser \u00dcbergang erfordert Einigkeit und vorausschauende Planung.<br><br><\/p>\n\n\n\n<figure class=\"wp-block-gallery has-nested-images columns-default is-cropped wp-block-gallery-2 is-layout-flex wp-block-gallery-is-layout-flex\">\n<figure class=\"wp-block-image size-large\"><img loading=\"lazy\" decoding=\"async\" width=\"1024\" height=\"461\" data-id=\"983\" src=\"https:\/\/vkerlg.de\/wp-content\/uploads\/2025\/12\/20251001_112039-1024x461.jpg\" alt=\"\" class=\"wp-image-983\" srcset=\"https:\/\/vkerlg.de\/wp-content\/uploads\/2025\/12\/20251001_112039-1024x461.jpg 1024w, https:\/\/vkerlg.de\/wp-content\/uploads\/2025\/12\/20251001_112039-300x135.jpg 300w, https:\/\/vkerlg.de\/wp-content\/uploads\/2025\/12\/20251001_112039-768x346.jpg 768w, https:\/\/vkerlg.de\/wp-content\/uploads\/2025\/12\/20251001_112039-1536x691.jpg 1536w, https:\/\/vkerlg.de\/wp-content\/uploads\/2025\/12\/20251001_112039-2048x922.jpg 2048w, https:\/\/vkerlg.de\/wp-content\/uploads\/2025\/12\/20251001_112039-228x103.jpg 228w\" sizes=\"(max-width: 1024px) 100vw, 1024px\" \/><\/figure>\n\n\n\n<figure class=\"wp-block-image size-large\"><img loading=\"lazy\" decoding=\"async\" width=\"1024\" height=\"768\" data-id=\"984\" src=\"https:\/\/vkerlg.de\/wp-content\/uploads\/2025\/12\/20251001_112358-1024x768.jpg\" alt=\"\" class=\"wp-image-984\" srcset=\"https:\/\/vkerlg.de\/wp-content\/uploads\/2025\/12\/20251001_112358-1024x768.jpg 1024w, https:\/\/vkerlg.de\/wp-content\/uploads\/2025\/12\/20251001_112358-300x225.jpg 300w, https:\/\/vkerlg.de\/wp-content\/uploads\/2025\/12\/20251001_112358-768x576.jpg 768w, https:\/\/vkerlg.de\/wp-content\/uploads\/2025\/12\/20251001_112358-1536x1152.jpg 1536w, https:\/\/vkerlg.de\/wp-content\/uploads\/2025\/12\/20251001_112358-2048x1536.jpg 2048w, https:\/\/vkerlg.de\/wp-content\/uploads\/2025\/12\/20251001_112358-155x116.jpg 155w\" sizes=\"(max-width: 1024px) 100vw, 1024px\" \/><\/figure>\n\n\n\n<figure class=\"wp-block-image size-large\"><img loading=\"lazy\" decoding=\"async\" width=\"1024\" height=\"768\" data-id=\"985\" src=\"https:\/\/vkerlg.de\/wp-content\/uploads\/2025\/12\/20251001_083806-1024x768.jpg\" alt=\"\" class=\"wp-image-985\" srcset=\"https:\/\/vkerlg.de\/wp-content\/uploads\/2025\/12\/20251001_083806-1024x768.jpg 1024w, https:\/\/vkerlg.de\/wp-content\/uploads\/2025\/12\/20251001_083806-300x225.jpg 300w, https:\/\/vkerlg.de\/wp-content\/uploads\/2025\/12\/20251001_083806-768x576.jpg 768w, https:\/\/vkerlg.de\/wp-content\/uploads\/2025\/12\/20251001_083806-1536x1152.jpg 1536w, https:\/\/vkerlg.de\/wp-content\/uploads\/2025\/12\/20251001_083806-2048x1536.jpg 2048w, https:\/\/vkerlg.de\/wp-content\/uploads\/2025\/12\/20251001_083806-155x116.jpg 155w\" sizes=\"(max-width: 1024px) 100vw, 1024px\" \/><\/figure>\n\n\n\n<figure class=\"wp-block-image size-large\"><img loading=\"lazy\" decoding=\"async\" width=\"768\" height=\"1024\" data-id=\"980\" src=\"https:\/\/vkerlg.de\/wp-content\/uploads\/2025\/12\/20250918_143928-768x1024.jpg\" alt=\"\" class=\"wp-image-980\" srcset=\"https:\/\/vkerlg.de\/wp-content\/uploads\/2025\/12\/20250918_143928-768x1024.jpg 768w, https:\/\/vkerlg.de\/wp-content\/uploads\/2025\/12\/20250918_143928-225x300.jpg 225w, https:\/\/vkerlg.de\/wp-content\/uploads\/2025\/12\/20250918_143928-1152x1536.jpg 1152w, https:\/\/vkerlg.de\/wp-content\/uploads\/2025\/12\/20250918_143928-1536x2048.jpg 1536w, https:\/\/vkerlg.de\/wp-content\/uploads\/2025\/12\/20250918_143928-87x116.jpg 87w, https:\/\/vkerlg.de\/wp-content\/uploads\/2025\/12\/20250918_143928-scaled.jpg 1920w\" sizes=\"(max-width: 768px) 100vw, 768px\" \/><\/figure>\n<\/figure>\n\n\n\n<p>Um diesen Wandel sichtbar zu machen, nutzten die IG Metall-Vertreter den symbolischen Start ins neue Gesch\u00e4ftsjahr, um ihre gemeinsame Liste vorzustellen: TEAM IG METALL Siemens Erlangen G. Die Aktion \u2013 samt Schult\u00fcten voller S\u00fc\u00dfigkeiten \u2013 war weit mehr als eine nette Geste. Sie diente als Plattform, um zu zeigen, wof\u00fcr das neu formierte Team steht:<br><br>&#8211; Solidarit\u00e4t &amp; Zusammenhalt: Wir stehen f\u00fcreinander ein und st\u00e4rken die Gemeinschaft im Betrieb.<br>&#8211; Faire Arbeitsbedingungen: Wir setzen uns f\u00fcr gerechte L\u00f6hne, sichere Arbeitspl\u00e4tze und gute Arbeitszeiten ein.<br>&#8211; Mitbestimmung &amp; Gerechtigkeit: Wir vertreten eure Interessen und sorgen f\u00fcr echte Beteiligung bei Entscheidungen.<br>&#8211; Sicherheit &amp; Zukunftsperspektiven: Wir k\u00e4mpfen f\u00fcr langfristige Perspektiven und Schutz in Zeiten der Transformation.<br><br>Herausforderungen meistern: TEAM IG METALL Siemens Erlangen G setzt auf Sicherheit und Fairness<br><br>In einer zunehmend komplexen globalen Landschaft \u2013 gepr\u00e4gt durch geopolitische Spannungen, die Wiedereinf\u00fchrung von Handelsbarrieren und den rasanten technologischen Wandel \u2013 ver\u00e4ndert sich die Arbeitswelt tiefgreifend. Diese Entwicklungen bringen erhebliche Herausforderungen mit sich, insbesondere in Bezug auf Arbeitsplatzsicherheit und gerechte Arbeitsbedingungen.<br><br>Vor diesem Hintergrund setzt sich TEAM IG METALL Siemens Erlangen G daf\u00fcr ein, dass alle Besch\u00e4ftigten von den bevorstehenden Ver\u00e4nderungen profitieren. Das Team steht f\u00fcr eine Zukunft, in der Wandel nicht zulasten der Belegschaft geht. Stattdessen engagiert es sich f\u00fcr einen inklusiven Fortschritt, bei dem Wohlstand gerecht verteilt wird und die Besch\u00e4ftigten weiterhin im Zentrum des Erfolgs von Siemens stehen.<\/p>\n\n\n\n<p><\/p>\n","protected":false},"excerpt":{"rendered":"<p>Mit dem Beginn des neuen Gesch\u00e4ftsjahres am 1. Oktober haben die IG Metall-Betriebsr\u00e4te von Siemens Moorenbrunn und Erlangen G die &hellip; <a href=\"https:\/\/vkerlg.de\/?p=979\" class=\"more-link\">Continue reading <span class=\"screen-reader-text\">HAPPY NEW ONE: IG Metall startet Betriebsratswahlen 2026 mit symbolischer Aktion<\/span><\/a><\/p>\n","protected":false},"author":3,"featured_media":981,"comment_status":"closed","ping_status":"","sticky":false,"template":"","format":"standard","meta":{"footnotes":""},"categories":[5],"tags":[],"class_list":["post-979","post","type-post","status-publish","format-standard","has-post-thumbnail","hentry","category-igm-vor-ort"],"jetpack_featured_media_url":"https:\/\/vkerlg.de\/wp-content\/uploads\/2025\/12\/20251001_131156-scaled.jpg","_links":{"self":[{"href":"https:\/\/vkerlg.de\/index.php?rest_route=\/wp\/v2\/posts\/979","targetHints":{"allow":["GET"]}}],"collection":[{"href":"https:\/\/vkerlg.de\/index.php?rest_route=\/wp\/v2\/posts"}],"about":[{"href":"https:\/\/vkerlg.de\/index.php?rest_route=\/wp\/v2\/types\/post"}],"author":[{"embeddable":true,"href":"https:\/\/vkerlg.de\/index.php?rest_route=\/wp\/v2\/users\/3"}],"replies":[{"embeddable":true,"href":"https:\/\/vkerlg.de\/index.php?rest_route=%2Fwp%2Fv2%2Fcomments&post=979"}],"version-history":[{"count":2,"href":"https:\/\/vkerlg.de\/index.php?rest_route=\/wp\/v2\/posts\/979\/revisions"}],"predecessor-version":[{"id":988,"href":"https:\/\/vkerlg.de\/index.php?rest_route=\/wp\/v2\/posts\/979\/revisions\/988"}],"wp:featuredmedia":[{"embeddable":true,"href":"https:\/\/vkerlg.de\/index.php?rest_route=\/wp\/v2\/media\/981"}],"wp:attachment":[{"href":"https:\/\/vkerlg.de\/index.php?rest_route=%2Fwp%2Fv2%2Fmedia&parent=979"}],"wp:term":[{"taxonomy":"category","embeddable":true,"href":"https:\/\/vkerlg.de\/index.php?rest_route=%2Fwp%2Fv2%2Fcategories&post=979"},{"taxonomy":"post_tag","embeddable":true,"href":"https:\/\/vkerlg.de\/index.php?rest_route=%2Fwp%2Fv2%2Ftags&post=979"}],"curies":[{"name":"wp","href":"https:\/\/api.w.org\/{rel}","templated":true}]}}