{"id":1,"date":"2025-11-06T15:12:43","date_gmt":"2025-11-06T15:12:43","guid":{"rendered":"http:\/\/vkerlg.de\/?p=1"},"modified":"2025-12-03T16:43:13","modified_gmt":"2025-12-03T16:43:13","slug":"hello-world","status":"publish","type":"post","link":"https:\/\/vkerlg.de\/?p=1","title":{"rendered":"Internationaler M\u00e4nnertag bei Team IG Metall Siemens Erlangen G"},"content":{"rendered":"\n<figure class=\"wp-block-gallery has-nested-images columns-default is-cropped wp-block-gallery-1 is-layout-flex wp-block-gallery-is-layout-flex\">\n<figure class=\"wp-block-image size-full\"><img fetchpriority=\"high\" decoding=\"async\" width=\"2560\" height=\"1920\" data-id=\"927\" src=\"https:\/\/vkerlg.de\/wp-content\/uploads\/2025\/12\/20251119_113755-scaled.jpg\" alt=\"\" class=\"wp-image-927\" srcset=\"https:\/\/vkerlg.de\/wp-content\/uploads\/2025\/12\/20251119_113755-scaled.jpg 2560w, https:\/\/vkerlg.de\/wp-content\/uploads\/2025\/12\/20251119_113755-300x225.jpg 300w, https:\/\/vkerlg.de\/wp-content\/uploads\/2025\/12\/20251119_113755-1024x768.jpg 1024w, https:\/\/vkerlg.de\/wp-content\/uploads\/2025\/12\/20251119_113755-768x576.jpg 768w, https:\/\/vkerlg.de\/wp-content\/uploads\/2025\/12\/20251119_113755-1536x1152.jpg 1536w, https:\/\/vkerlg.de\/wp-content\/uploads\/2025\/12\/20251119_113755-2048x1536.jpg 2048w, https:\/\/vkerlg.de\/wp-content\/uploads\/2025\/12\/20251119_113755-155x116.jpg 155w\" sizes=\"(max-width: 2560px) 100vw, 2560px\" \/><\/figure>\n\n\n\n<figure class=\"wp-block-image size-full\"><img decoding=\"async\" width=\"2560\" height=\"1920\" data-id=\"928\" src=\"https:\/\/vkerlg.de\/wp-content\/uploads\/2025\/12\/20251119_113809-scaled.jpg\" alt=\"\" class=\"wp-image-928\" srcset=\"https:\/\/vkerlg.de\/wp-content\/uploads\/2025\/12\/20251119_113809-scaled.jpg 2560w, https:\/\/vkerlg.de\/wp-content\/uploads\/2025\/12\/20251119_113809-300x225.jpg 300w, https:\/\/vkerlg.de\/wp-content\/uploads\/2025\/12\/20251119_113809-1024x768.jpg 1024w, https:\/\/vkerlg.de\/wp-content\/uploads\/2025\/12\/20251119_113809-768x576.jpg 768w, https:\/\/vkerlg.de\/wp-content\/uploads\/2025\/12\/20251119_113809-1536x1152.jpg 1536w, https:\/\/vkerlg.de\/wp-content\/uploads\/2025\/12\/20251119_113809-2048x1536.jpg 2048w, https:\/\/vkerlg.de\/wp-content\/uploads\/2025\/12\/20251119_113809-155x116.jpg 155w\" sizes=\"(max-width: 2560px) 100vw, 2560px\" \/><\/figure>\n\n\n\n<figure class=\"wp-block-image size-full\"><img decoding=\"async\" width=\"2560\" height=\"1920\" data-id=\"929\" src=\"https:\/\/vkerlg.de\/wp-content\/uploads\/2025\/12\/20251119_113818-scaled.jpg\" alt=\"\" class=\"wp-image-929\" srcset=\"https:\/\/vkerlg.de\/wp-content\/uploads\/2025\/12\/20251119_113818-scaled.jpg 2560w, https:\/\/vkerlg.de\/wp-content\/uploads\/2025\/12\/20251119_113818-300x225.jpg 300w, https:\/\/vkerlg.de\/wp-content\/uploads\/2025\/12\/20251119_113818-1024x768.jpg 1024w, https:\/\/vkerlg.de\/wp-content\/uploads\/2025\/12\/20251119_113818-768x576.jpg 768w, https:\/\/vkerlg.de\/wp-content\/uploads\/2025\/12\/20251119_113818-1536x1152.jpg 1536w, https:\/\/vkerlg.de\/wp-content\/uploads\/2025\/12\/20251119_113818-2048x1536.jpg 2048w, https:\/\/vkerlg.de\/wp-content\/uploads\/2025\/12\/20251119_113818-155x116.jpg 155w\" sizes=\"(max-width: 2560px) 100vw, 2560px\" \/><\/figure>\n<\/figure>\n\n\n\n<p>Heute war ein besonderer Tag f\u00fcr unser Team IG Metall: Wir haben den <strong>Internationalen M\u00e4nnertag<\/strong> thematisiert. Wie zu erwarten, sorgte die Ank\u00fcndigung zun\u00e4chst f\u00fcr Schmunzeln \u2013 schlie\u00dflich sind die Vorteile, die M\u00e4nner in Bezug auf Gehaltsniveau und Karrierechancen gegen\u00fcber Frauen haben, weithin bekannt und wurden auch von einigen Kolleginnen und Kollegen zu Recht angesprochen.<\/p>\n\n\n\n<p>Uns war bewusst, dass eine Veranstaltung zu diesem Anlass nicht \u00fcberall auf Zustimmung sto\u00dfen w\u00fcrde. Dennoch haben wir den Tag genutzt, um ein wichtiges Thema in den Mittelpunkt zu stellen: <strong>M\u00e4nner und Gesundheit<\/strong>. Dieser Fokus wurde positiv aufgenommen und f\u00fchrte zu einem konstruktiven Austausch \u00fcber Pr\u00e4vention und die Verantwortung jedes Einzelnen f\u00fcr sein Wohlbefinden.<\/p>\n\n\n\n<p><strong>Warum M\u00e4nner und Gesundheit?<\/strong><\/p>\n\n\n\n<p>Statistisch gesehen sind M\u00e4nner in Gesundheitsfragen oft schlechter informiert oder nehmen das Thema nicht so ernst wie ihre weiblichen Kolleginnen. Kurz gesagt: <strong>M\u00e4nner sind Vorsorgemuffel!<\/strong> W\u00e4hrend rund <strong>60<\/strong><strong>\u202f% der Frauen regelm<\/strong><strong>\u00e4\u00dfig Vorsorgeuntersuchungen wahrnehmen<\/strong>, liegt der Anteil bei M\u00e4nnern bei gerade einmal <strong>20<\/strong><strong>\u202f%<\/strong>.<\/p>\n\n\n\n<p>Genau hier setzt unsere Initiative an. Wir haben <strong>Postkarten verteilt<\/strong>, um M\u00e4nner nicht nur zu einer Vorsorgeuntersuchung zu ermutigen, sondern ihnen auch zu zeigen, <strong>welche Untersuchungen in welchem Alter wichtig sind<\/strong>.<br>Beispiele:<\/p>\n\n\n\n<ul class=\"wp-block-list\">\n<li><strong>18 bis 34 Jahre:<\/strong> \u00c4rzte empfehlen, den <strong>Herzzustand<\/strong> \u00fcberpr\u00fcfen zu lassen.<\/li>\n\n\n\n<li><strong>Ab 45 Jahren:<\/strong> Eine Untersuchung auf <strong>Hodenkrebs<\/strong> geh\u00f6rt zu den empfohlenen Vorsorgema\u00dfnahmen.<\/li>\n<\/ul>\n\n\n\n<p>Unser Ziel ist klar: <strong>Gesundheit geht alle an \u2013 auch M\u00e4nner!<\/strong> Mit dieser Aktion wollen wir Bewusstsein schaffen und Hemmschwellen abbauen. Denn Vorsorge ist kein Zeichen von Schw\u00e4che, sondern von Verantwortung.<\/p>\n\n\n\n<figure class=\"wp-block-image size-large\"><img loading=\"lazy\" decoding=\"async\" width=\"1024\" height=\"721\" src=\"https:\/\/vkerlg.de\/wp-content\/uploads\/2025\/11\/19e90799-111b-4fe0-8749-92ef0cdb9d73-1024x721.webp\" alt=\"\" class=\"wp-image-973\" srcset=\"https:\/\/vkerlg.de\/wp-content\/uploads\/2025\/11\/19e90799-111b-4fe0-8749-92ef0cdb9d73-1024x721.webp 1024w, https:\/\/vkerlg.de\/wp-content\/uploads\/2025\/11\/19e90799-111b-4fe0-8749-92ef0cdb9d73-300x211.webp 300w, https:\/\/vkerlg.de\/wp-content\/uploads\/2025\/11\/19e90799-111b-4fe0-8749-92ef0cdb9d73-768x541.webp 768w, https:\/\/vkerlg.de\/wp-content\/uploads\/2025\/11\/19e90799-111b-4fe0-8749-92ef0cdb9d73-1536x1082.webp 1536w, https:\/\/vkerlg.de\/wp-content\/uploads\/2025\/11\/19e90799-111b-4fe0-8749-92ef0cdb9d73-165x116.webp 165w, https:\/\/vkerlg.de\/wp-content\/uploads\/2025\/11\/19e90799-111b-4fe0-8749-92ef0cdb9d73.webp 2000w\" sizes=\"(max-width: 1024px) 100vw, 1024px\" \/><\/figure>\n","protected":false},"excerpt":{"rendered":"<p>Heute war ein besonderer Tag f\u00fcr unser Team IG Metall: Wir haben den Internationalen M\u00e4nnertag thematisiert. Wie zu erwarten, sorgte &hellip; <a href=\"https:\/\/vkerlg.de\/?p=1\" class=\"more-link\">Continue reading <span class=\"screen-reader-text\">Internationaler M\u00e4nnertag bei Team IG Metall Siemens Erlangen G<\/span><\/a><\/p>\n","protected":false},"author":3,"featured_media":931,"comment_status":"closed","ping_status":"closed","sticky":false,"template":"","format":"standard","meta":{"footnotes":""},"categories":[5],"tags":[],"class_list":["post-1","post","type-post","status-publish","format-standard","has-post-thumbnail","hentry","category-igm-vor-ort"],"jetpack_featured_media_url":"https:\/\/vkerlg.de\/wp-content\/uploads\/2025\/12\/20251119_113812-scaled.jpg","_links":{"self":[{"href":"https:\/\/vkerlg.de\/index.php?rest_route=\/wp\/v2\/posts\/1","targetHints":{"allow":["GET"]}}],"collection":[{"href":"https:\/\/vkerlg.de\/index.php?rest_route=\/wp\/v2\/posts"}],"about":[{"href":"https:\/\/vkerlg.de\/index.php?rest_route=\/wp\/v2\/types\/post"}],"author":[{"embeddable":true,"href":"https:\/\/vkerlg.de\/index.php?rest_route=\/wp\/v2\/users\/3"}],"replies":[{"embeddable":true,"href":"https:\/\/vkerlg.de\/index.php?rest_route=%2Fwp%2Fv2%2Fcomments&post=1"}],"version-history":[{"count":5,"href":"https:\/\/vkerlg.de\/index.php?rest_route=\/wp\/v2\/posts\/1\/revisions"}],"predecessor-version":[{"id":974,"href":"https:\/\/vkerlg.de\/index.php?rest_route=\/wp\/v2\/posts\/1\/revisions\/974"}],"wp:featuredmedia":[{"embeddable":true,"href":"https:\/\/vkerlg.de\/index.php?rest_route=\/wp\/v2\/media\/931"}],"wp:attachment":[{"href":"https:\/\/vkerlg.de\/index.php?rest_route=%2Fwp%2Fv2%2Fmedia&parent=1"}],"wp:term":[{"taxonomy":"category","embeddable":true,"href":"https:\/\/vkerlg.de\/index.php?rest_route=%2Fwp%2Fv2%2Fcategories&post=1"},{"taxonomy":"post_tag","embeddable":true,"href":"https:\/\/vkerlg.de\/index.php?rest_route=%2Fwp%2Fv2%2Ftags&post=1"}],"curies":[{"name":"wp","href":"https:\/\/api.w.org\/{rel}","templated":true}]}}